{"id":1365,"date":"2019-04-29T08:36:27","date_gmt":"2019-04-29T08:36:27","guid":{"rendered":"https:\/\/agcolmeias.com\/?p=1365"},"modified":"2019-04-29T08:36:27","modified_gmt":"2019-04-29T08:36:27","slug":"parlamento-dos-jovens","status":"publish","type":"post","link":"https:\/\/agcolmeias.com\/?p=1365","title":{"rendered":"Parlamento Dos Jovens"},"content":{"rendered":"\n<figure class=\"wp-block-image\"><img loading=\"lazy\" decoding=\"async\" width=\"601\" height=\"202\" src=\"https:\/\/agcolmeias.com\/wp-content\/uploads\/logo_plataformas\/parlamento.J.Basico.png\" alt=\"\" class=\"wp-image-1364\" srcset=\"https:\/\/agcolmeias.com\/wp-content\/uploads\/logo_plataformas\/parlamento.J.Basico.png 601w, https:\/\/agcolmeias.com\/wp-content\/uploads\/logo_plataformas\/parlamento.J.Basico-300x101.png 300w\" sizes=\"(max-width: 601px) 100vw, 601px\" \/><\/figure>\n\n\n<p style=\"text-align: justify;\">O Parlamento dos Jovens \u00e9 uma iniciativa da Assembleia da Rep\u00fablica dirigida aos jovens dos 2\u00ba e 3\u00ba ciclos do ensino b\u00e1sico e do ensino secund\u00e1rio, em que pode inscrever-se qualquer Escola do universo do ensino p\u00fablico, privado e cooperativo. O Programa culmina com a realiza\u00e7\u00e3o de duas Sess\u00f5es Nacionais na Assembleia da Rep\u00fablica.<\/p>\n<p style=\"text-align: justify;\">OBJETIVOS:<\/p>\n<p style=\"text-align: justify;\">Educar para a cidadania, estimulando o gosto pela participa\u00e7\u00e3o c\u00edvica e pol\u00edtica;<\/p>\n<p style=\"text-align: justify;\">Sublinhar a import\u00e2ncia da contribui\u00e7\u00e3o dos jovens para a resolu\u00e7\u00e3o de quest\u00f5es que afetam o seu presente e futuro individual e coletivo;<\/p>\n<p style=\"text-align: justify;\">Incentivar a reflex\u00e3o e o debate sobre um tema, definido anualmente;<\/p>\n<p style=\"text-align: justify;\">Proporcionar a experi\u00eancia de participa\u00e7\u00e3o em processos eleitorais;<\/p>\n<p style=\"text-align: justify;\">Dar a conhecer o significado do mandato parlamentar e o processo de decis\u00e3o da Assembleia da Rep\u00fablica, enquanto \u00f3rg\u00e3o representativo de todos os cidad\u00e3os portugueses;<\/p>\n<p style=\"text-align: justify;\">Incentivar as capacidades de argumenta\u00e7\u00e3o na defesa das ideias, com respeito pelos valores da toler\u00e2ncia e da forma\u00e7\u00e3o da vontade da maioria.<\/p>\n<p style=\"text-align: justify;\">\u00a0<\/p>\n<p style=\"text-align: justify;\">FASES:<\/p>\n<p style=\"text-align: justify;\">O programa desenvolve-se, em regra, de acordo com as seguintes fases e calend\u00e1rio:<\/p>\n<p style=\"text-align: justify;\">Agosto a outubro: inscri\u00e7\u00e3o das Escolas.<\/p>\n<p style=\"text-align: justify;\">Setembro a janeiro: organiza\u00e7\u00e3o de debates nas Escolas, campanha eleitoral, elei\u00e7\u00e3o dos deputados \u00e0 Sess\u00e3o Escolar, realiza\u00e7\u00e3o da Sess\u00e3o Escolar e aprova\u00e7\u00e3o do Projeto de Recomenda\u00e7\u00e3o sobre o tema e elei\u00e7\u00e3o dos delegados da Escola \u00e0 Sess\u00e3o Distrital ou Regional.<\/p>\n<p style=\"text-align: justify;\">Fevereiro\/mar\u00e7o: Sess\u00f5es Distritais<\/p>","protected":false},"excerpt":{"rendered":"<p>O Parlamento dos Jovens \u00e9 uma iniciativa da Assembleia da Rep\u00fablica dirigida aos jovens dos 2\u00ba e 3\u00ba ciclos do ensino b\u00e1sico e do ensino secund\u00e1rio, em que pode inscrever-se qualquer Escola do universo do ensino p\u00fablico, privado e cooperativo. O Programa culmina com a realiza\u00e7\u00e3o de duas Sess\u00f5es Nacionais na Assembleia da Rep\u00fablica. OBJETIVOS: [&hellip;]<\/p>\n","protected":false},"author":1,"featured_media":0,"comment_status":"closed","ping_status":"open","sticky":false,"template":"","format":"standard","meta":{"footnotes":""},"categories":[1],"tags":[],"class_list":["post-1365","post","type-post","status-publish","format-standard","hentry","category-uncategorized"],"_links":{"self":[{"href":"https:\/\/agcolmeias.com\/index.php?rest_route=\/wp\/v2\/posts\/1365","targetHints":{"allow":["GET"]}}],"collection":[{"href":"https:\/\/agcolmeias.com\/index.php?rest_route=\/wp\/v2\/posts"}],"about":[{"href":"https:\/\/agcolmeias.com\/index.php?rest_route=\/wp\/v2\/types\/post"}],"author":[{"embeddable":true,"href":"https:\/\/agcolmeias.com\/index.php?rest_route=\/wp\/v2\/users\/1"}],"replies":[{"embeddable":true,"href":"https:\/\/agcolmeias.com\/index.php?rest_route=%2Fwp%2Fv2%2Fcomments&post=1365"}],"version-history":[{"count":1,"href":"https:\/\/agcolmeias.com\/index.php?rest_route=\/wp\/v2\/posts\/1365\/revisions"}],"predecessor-version":[{"id":1366,"href":"https:\/\/agcolmeias.com\/index.php?rest_route=\/wp\/v2\/posts\/1365\/revisions\/1366"}],"wp:attachment":[{"href":"https:\/\/agcolmeias.com\/index.php?rest_route=%2Fwp%2Fv2%2Fmedia&parent=1365"}],"wp:term":[{"taxonomy":"category","embeddable":true,"href":"https:\/\/agcolmeias.com\/index.php?rest_route=%2Fwp%2Fv2%2Fcategories&post=1365"},{"taxonomy":"post_tag","embeddable":true,"href":"https:\/\/agcolmeias.com\/index.php?rest_route=%2Fwp%2Fv2%2Ftags&post=1365"}],"curies":[{"name":"wp","href":"https:\/\/api.w.org\/{rel}","templated":true}]}}