{"id":1370,"date":"2019-04-30T13:30:00","date_gmt":"2019-04-30T13:30:00","guid":{"rendered":"https:\/\/agcolmeias.com\/?p=1370"},"modified":"2019-05-02T08:11:21","modified_gmt":"2019-05-02T08:11:21","slug":"eco-escolas","status":"publish","type":"post","link":"https:\/\/agcolmeias.com\/?p=1370","title":{"rendered":"Eco-Escolas"},"content":{"rendered":"\n<figure class=\"wp-block-image\"><img loading=\"lazy\" decoding=\"async\" width=\"600\" height=\"600\" src=\"https:\/\/agcolmeias.com\/wp-content\/uploads\/logo_plataformas\/logo_ecoescolas.png\" alt=\"\" class=\"wp-image-642\" srcset=\"https:\/\/agcolmeias.com\/wp-content\/uploads\/logo_plataformas\/logo_ecoescolas.png 600w, https:\/\/agcolmeias.com\/wp-content\/uploads\/logo_plataformas\/logo_ecoescolas-150x150.png 150w, https:\/\/agcolmeias.com\/wp-content\/uploads\/logo_plataformas\/logo_ecoescolas-300x300.png 300w\" sizes=\"(max-width: 600px) 100vw, 600px\" \/><\/figure>\n\n\n\n<figure class=\"wp-block-image\"><img loading=\"lazy\" decoding=\"async\" width=\"960\" height=\"640\" src=\"https:\/\/agcolmeias.com\/wp-content\/uploads\/ano_lectivo\/18_19\/ecoescolas\/ecofoto1.jpg\" alt=\"\" class=\"wp-image-1385\" srcset=\"https:\/\/agcolmeias.com\/wp-content\/uploads\/ano_lectivo\/18_19\/ecoescolas\/ecofoto1.jpg 960w, https:\/\/agcolmeias.com\/wp-content\/uploads\/ano_lectivo\/18_19\/ecoescolas\/ecofoto1-300x200.jpg 300w, https:\/\/agcolmeias.com\/wp-content\/uploads\/ano_lectivo\/18_19\/ecoescolas\/ecofoto1-768x512.jpg 768w\" sizes=\"(max-width: 960px) 100vw, 960px\" \/><\/figure>\n\n\n<p style=\"text-align: justify;\">A Escola B\u00e1sica Integrada de Colmeias \u00e9 uma Eco Escola desde o ano letivo 2000\/2001. Com este projeto pretende-se sensibilizar as\/os alunas\/os, o pessoal docente, n\u00e3o docente, pais\/encarregados de educa\u00e7\u00e3o, comunidade educativa e envolvente para a import\u00e2ncia da educa\u00e7\u00e3o ambiental e fomentar a ado\u00e7\u00e3o de comportamentos\/atitudes sustent\u00e1veis para o nosso planeta.<\/p>\n\n\n<figure class=\"wp-block-image\"><img loading=\"lazy\" decoding=\"async\" width=\"960\" height=\"536\" src=\"https:\/\/agcolmeias.com\/wp-content\/uploads\/ano_lectivo\/18_19\/ecoescolas\/ecofoto2.jpg\" alt=\"\" class=\"wp-image-1386\" srcset=\"https:\/\/agcolmeias.com\/wp-content\/uploads\/ano_lectivo\/18_19\/ecoescolas\/ecofoto2.jpg 960w, https:\/\/agcolmeias.com\/wp-content\/uploads\/ano_lectivo\/18_19\/ecoescolas\/ecofoto2-300x168.jpg 300w, https:\/\/agcolmeias.com\/wp-content\/uploads\/ano_lectivo\/18_19\/ecoescolas\/ecofoto2-768x429.jpg 768w\" sizes=\"(max-width: 960px) 100vw, 960px\" \/><\/figure>\n\n\n\n<figure class=\"wp-block-image\"><img loading=\"lazy\" decoding=\"async\" width=\"960\" height=\"640\" src=\"https:\/\/agcolmeias.com\/wp-content\/uploads\/ano_lectivo\/18_19\/ecoescolas\/ecofoto3.jpg\" alt=\"\" class=\"wp-image-1384\" srcset=\"https:\/\/agcolmeias.com\/wp-content\/uploads\/ano_lectivo\/18_19\/ecoescolas\/ecofoto3.jpg 960w, https:\/\/agcolmeias.com\/wp-content\/uploads\/ano_lectivo\/18_19\/ecoescolas\/ecofoto3-300x200.jpg 300w, https:\/\/agcolmeias.com\/wp-content\/uploads\/ano_lectivo\/18_19\/ecoescolas\/ecofoto3-768x512.jpg 768w\" sizes=\"(max-width: 960px) 100vw, 960px\" \/><\/figure>\n","protected":false},"excerpt":{"rendered":"<p>A Escola B\u00e1sica Integrada de Colmeias \u00e9 uma Eco Escola desde o ano letivo 2000\/2001. Com este projeto pretende-se sensibilizar as\/os alunas\/os, o pessoal docente, n\u00e3o docente, pais\/encarregados de educa\u00e7\u00e3o, comunidade educativa e envolvente para a import\u00e2ncia da educa\u00e7\u00e3o ambiental e fomentar a ado\u00e7\u00e3o de comportamentos\/atitudes sustent\u00e1veis para o nosso planeta.<\/p>\n","protected":false},"author":1,"featured_media":0,"comment_status":"closed","ping_status":"open","sticky":false,"template":"","format":"standard","meta":{"footnotes":""},"categories":[1],"tags":[],"class_list":["post-1370","post","type-post","status-publish","format-standard","hentry","category-uncategorized"],"_links":{"self":[{"href":"https:\/\/agcolmeias.com\/index.php?rest_route=\/wp\/v2\/posts\/1370","targetHints":{"allow":["GET"]}}],"collection":[{"href":"https:\/\/agcolmeias.com\/index.php?rest_route=\/wp\/v2\/posts"}],"about":[{"href":"https:\/\/agcolmeias.com\/index.php?rest_route=\/wp\/v2\/types\/post"}],"author":[{"embeddable":true,"href":"https:\/\/agcolmeias.com\/index.php?rest_route=\/wp\/v2\/users\/1"}],"replies":[{"embeddable":true,"href":"https:\/\/agcolmeias.com\/index.php?rest_route=%2Fwp%2Fv2%2Fcomments&post=1370"}],"version-history":[{"count":2,"href":"https:\/\/agcolmeias.com\/index.php?rest_route=\/wp\/v2\/posts\/1370\/revisions"}],"predecessor-version":[{"id":1387,"href":"https:\/\/agcolmeias.com\/index.php?rest_route=\/wp\/v2\/posts\/1370\/revisions\/1387"}],"wp:attachment":[{"href":"https:\/\/agcolmeias.com\/index.php?rest_route=%2Fwp%2Fv2%2Fmedia&parent=1370"}],"wp:term":[{"taxonomy":"category","embeddable":true,"href":"https:\/\/agcolmeias.com\/index.php?rest_route=%2Fwp%2Fv2%2Fcategories&post=1370"},{"taxonomy":"post_tag","embeddable":true,"href":"https:\/\/agcolmeias.com\/index.php?rest_route=%2Fwp%2Fv2%2Ftags&post=1370"}],"curies":[{"name":"wp","href":"https:\/\/api.w.org\/{rel}","templated":true}]}}